{"id":5390,"date":"2015-09-19T15:15:04","date_gmt":"2015-09-19T14:15:04","guid":{"rendered":"https:\/\/klubzviktorky.cebin.eu\/?p=5390"},"modified":"2018-10-08T10:55:31","modified_gmt":"2018-10-08T09:55:31","slug":"narozeniny-2015-m6-daniel-busta","status":"publish","type":"post","link":"https:\/\/klubzviktorky.cebin.eu\/index.php\/narozeniny-2015-m6-daniel-busta\/","title":{"rendered":"Narozeniny 2015 M6 &#8211; Daniel Busta"},"content":{"rendered":"<p>ahoj, Dan mel 19\/9 narozeniny, tak je pot\u0159eba to \u0159\u00e1dn\u011b oslavit i v r\u00e1mci \u010del\u00e1kovick\u00e9 party <img decoding=\"async\" title=\":-)\" src=\"https:\/\/email.seznam.cz\/static\/wm\/img\/smileys\/s01.png\" alt=\":-)\" \/>\u00a0p\u0159edb\u011b\u017en\u011b je to napl\u00e1nov\u00e1no na st 23\/9\u00a0za\u010d\u00e1tek op\u011bt na kurtech od 18,00 a u Bou\u010dk\u016f od 19,30 hod<br \/>\npros\u00edm napi\u0161te obratem, zda v\u00e1m term\u00edn vyhovuje a zda p\u0159ijdete na beach!<br \/>\nv\u011bt\u0161\u00ed d\u00e1rek u\u017e jsme Danovi p\u0159edali a t\u00e9m\u011b\u0159 v\u0161ichni na n\u011bj u\u017e p\u0159isp\u011bli, i kdy\u017e se oslavy u Matese na chalup\u011b nez\u00fa\u010dastnili, tak bychom Danovi mohli koupit alespo\u0148 n\u011bjakou drobnost &#8230; s Dan\u00edkem n\u00e1s napadl n\u011bjak\u00fd\u00a0<span style=\"color: #800000;\"><strong>pivn\u00ed speci\u00e1lek<\/strong><\/span> (2-3 lahve)\u00a0nev\u00edte n\u011bkdo, kde by to bylo mo\u017en\u00e9 koupit? a eventu\u00e1ln\u011b to p\u0159\u00edpadn\u011b koupit? <img decoding=\"async\" title=\":-)\" src=\"https:\/\/email.seznam.cz\/static\/wm\/img\/smileys\/s01.png\" alt=\":-)\" \/>\u00a0 d\u00edkes V.<\/p>\n<p style=\"font-size: 10pt; text-align: justify;\">Ahoj, term\u00edn ok, beach ne.\u00a0Koupit by to mohlo j\u00edt v pivn\u00edm klubu (nebo jak se to jmenuje) v Karl\u00edn\u011b. Dobr\u00e9 pivo tak\u00e9 va\u0159\u00ed v Kounic\u00edch, ale nemaj\u00ed tu\u0161\u00edm sv\u00e9 balen\u00ed, jen pet l\u00e1hev. D\u00e1le mne napad\u00e1 pivovar Neuman v M\u011blnick\u00e9m Vtelnu nebo pra\u017esk\u00fd Vinohradsk\u00fd p\u0159\u00edpadn\u011b Hostiva\u0159sk\u00fd pivovar (tam jsem je\u0161t\u011b nebyl). Milo\u0161\u00a0<span style=\"color: #0000ff;\"><strong><span style=\"color: #993366;\">\u2297\u2297\u2297<\/span><\/strong><span style=\"color: #000000;\">\u00a0Ahoj,\u00a0jako d\u00e1rek m\u016f\u017eu nab\u00eddnout jeden pivn\u00ed speci\u00e1lek, kter\u00fd n\u00e1m p\u0159i\u0161el od zn\u00e1m\u00fdch z Belgie &#8230; viz p\u0159ilo\u017een\u00e1 fotka &#8211; je to ta fla\u0161ka vlevo. Vypad\u00e1 to moc p\u011bkn\u011b i v re\u00e1lu (je to 0,75 l). Ve st\u0159edu ale m\u00e1me s Dan\u00edkem a Petrem curling &#8230; a kdy\u017e nep\u016fjdu na curling j\u00e1, p\u016fjde V\u011brka &#8230; a stejn\u011b tak, kdy\u017e to pivo nevypije Dan, vypije ho V\u011brka &#8230; <img decoding=\"async\" title=\":-)\" src=\"https:\/\/email.seznam.cz\/static\/wm\/img\/smileys\/s01.png\" alt=\":-)\" \/> <img decoding=\"async\" title=\":-)\" src=\"https:\/\/email.seznam.cz\/static\/wm\/img\/smileys\/s01.png\" alt=\":-)\" \/>\u00a0<strong><span style=\"color: #993366;\">\u2297\u2297\u2297<\/span><\/strong>\u00a0Zdrav\u00ed\u010dko,\u00a0tento term\u00edn je pro m\u011b bohu\u017eel \u00fapln\u011b \u0161patn\u011b. Jak psal Kohy, m\u00e1me tr\u00e9ning v curlingu p\u0159ed prvn\u00ed ligov\u00fdm v\u00edkendem a pak nav\u00edc plynule p\u0159ech\u00e1z\u00edm na firemn\u00ed akci (podle v\u0161eho u\u017e posledn\u00ed tohoto druhu v barv\u00e1ch Citi). Petr\u00a0<strong><span style=\"color: #993366;\">\u2297\u2297\u2297<\/span><\/strong>\u00a0\u010cau Kohy,\u00a0ten darek je super, to bereme <img decoding=\"async\" title=\":-)\" src=\"https:\/\/email.seznam.cz\/static\/wm\/img\/smileys\/s01.png\" alt=\":-)\" \/>\u00a0a co se tyka terminu, musime to tedy kvuli curlingu presunout na pristi tyden ve st 30\/9 od 20 hod u Boucku (bez volejbalu, Dan jde na prednasku) nebo ve ct 1\/10 od 18,00 hod na kurtech s naslednym presunem k Bouckum &#8230;\u00a0tak rychle napiste, jaky den muzete (idealni odpoved je, ze vyhovuji oba terminy <img decoding=\"async\" title=\":-)\" src=\"https:\/\/email.seznam.cz\/static\/wm\/img\/smileys\/s01.png\" alt=\":-)\" \/>\u00a0d\u00edky V.\u00a0<strong><span style=\"color: #993366;\">\u2297\u2297\u2297<\/span><\/strong>\u00a0\u00a0j\u00e1 m\u016f\u017eu ve st\u0159edu, ve \u010dtvrtek ne d.\u00a0<strong><span style=\"color: #993366;\">\u2297\u2297\u2297<\/span><\/strong>\u00a0\u00a0te\u010f kouk\u00e1m, \u017ee se v\u0161em hod\u00ed 1.10. &#8211; to bych alespo\u0148 dorazil ve 22 hod k Bou\u010dk\u016fm\u00a0<strong><span style=\"color: #993366;\">\u2297\u2297\u2297<\/span><\/strong>\u00a0ok, tak se snaz dorazit co nejdriv, s darkem na tebe pockame <img decoding=\"async\" title=\":-)\" src=\"https:\/\/email.seznam.cz\/static\/wm\/img\/smileys\/s01.png\" alt=\":-)\" \/>\u00a0&#8230;\u00a0a nebo se vykasli na Sparticku a prijd uz na beach <img decoding=\"async\" title=\":-)\" src=\"https:\/\/email.seznam.cz\/static\/wm\/img\/smileys\/s01.png\" alt=\":-)\" \/>\u00a0t\u010dus V.\u00a0<strong><span style=\"color: #993366;\">\u2297\u2297\u2297<\/span><\/strong>\u00a0beze m\u011b by ani nenastoupili <img decoding=\"async\" title=\":-)\" src=\"https:\/\/email.seznam.cz\/static\/wm\/img\/smileys\/s01.png\" alt=\":-)\" \/>\u00a0<strong><span style=\"color: #993366;\">\u2297\u2297\u2297<\/span><\/strong>\u00a0\u010dau kluci,\u00a0omlouvam se, ale zjistil jsem, ze 1\/10 budu doma sam s deckama (vita jede na dva dny nekam pracovne &#8230;), takze bych asi nemohl dorazit &#8230;\u00a0takze je jeste varianta to presunout na pondeli <strong>5\/10<\/strong> &#8230;\u00a0vyhovuje vam pondeli, nebo jen ten ct?? &#8230; d\u00edky za rychl\u00e9 odpov\u011bdi t\u010dus V.\u00a0<strong><span style=\"color: #993366;\">\u2297\u2297\u2297<\/span><\/strong>\u00a0cau kluci,\u00a0jen se pripominam, abyste nezapomneli <img decoding=\"async\" title=\":-)\" src=\"https:\/\/email.seznam.cz\/static\/wm\/img\/smileys\/s01.png\" alt=\":-)\" \/>\u00a0takze dnes v 19,30 u Boucku! <strong><span style=\"color: #993366;\">\u2297\u2297\u2297<\/span><\/strong>\u00a0jojo\u00a0<strong><span style=\"color: #993366;\">\u2297\u2297\u2297<\/span><\/strong>\u00a0jojojo<br \/>\n<\/span><\/span><\/p>\n<p>&nbsp;<\/p>\n<p><a href=\"https:\/\/klubzviktorky.cebin.eu\/wp-content\/uploads\/2015\/09\/P1160165.jpg\"><img loading=\"lazy\" decoding=\"async\" class=\"aligncenter size-full wp-image-5427\" src=\"https:\/\/klubzviktorky.cebin.eu\/wp-content\/uploads\/2015\/09\/P1160165.jpg\" alt=\"\" width=\"2023\" height=\"1386\" srcset=\"https:\/\/klubzviktorky.cebin.eu\/wp-content\/uploads\/2015\/09\/P1160165.jpg 2023w, https:\/\/klubzviktorky.cebin.eu\/wp-content\/uploads\/2015\/09\/P1160165-300x206.jpg 300w, https:\/\/klubzviktorky.cebin.eu\/wp-content\/uploads\/2015\/09\/P1160165-768x526.jpg 768w, https:\/\/klubzviktorky.cebin.eu\/wp-content\/uploads\/2015\/09\/P1160165-1024x702.jpg 1024w\" sizes=\"auto, (max-width: 2023px) 100vw, 2023px\" \/><\/a><\/p>\n<p>&nbsp;<\/p>\n","protected":false},"excerpt":{"rendered":"<p>ahoj, Dan mel 19\/9 narozeniny, tak je pot\u0159eba to \u0159\u00e1dn\u011b oslavit i v r\u00e1mci \u010del\u00e1kovick\u00e9 party \u00a0p\u0159edb\u011b\u017en\u011b je to napl\u00e1nov\u00e1no na st 23\/9\u00a0za\u010d\u00e1tek op\u011bt na kurtech od 18,00 a u Bou\u010dk\u016f od 19,30 hod pros\u00edm napi\u0161te obratem, zda v\u00e1m term\u00edn vyhovuje a zda p\u0159ijdete na beach! v\u011bt\u0161\u00ed d\u00e1rek u\u017e jsme Danovi p\u0159edali a t\u00e9m\u011b\u0159 v\u0161ichni &hellip; <a href=\"https:\/\/klubzviktorky.cebin.eu\/index.php\/narozeniny-2015-m6-daniel-busta\/\" class=\"more-link\">Pokra\u010dov\u00e1n\u00ed textu <span class=\"screen-reader-text\">Narozeniny 2015 M6 &#8211; Daniel Busta<\/span><\/a><\/p>\n","protected":false},"author":1,"featured_media":5425,"comment_status":"open","ping_status":"open","sticky":false,"template":"","format":"gallery","meta":{"footnotes":""},"categories":[14,16],"tags":[45],"class_list":["post-5390","post","type-post","status-publish","format-gallery","has-post-thumbnail","hentry","category-casosber","category-celakovicke-narozeniny","tag-busta","post_format-post-format-gallery"],"_links":{"self":[{"href":"https:\/\/klubzviktorky.cebin.eu\/index.php\/wp-json\/wp\/v2\/posts\/5390","targetHints":{"allow":["GET"]}}],"collection":[{"href":"https:\/\/klubzviktorky.cebin.eu\/index.php\/wp-json\/wp\/v2\/posts"}],"about":[{"href":"https:\/\/klubzviktorky.cebin.eu\/index.php\/wp-json\/wp\/v2\/types\/post"}],"author":[{"embeddable":true,"href":"https:\/\/klubzviktorky.cebin.eu\/index.php\/wp-json\/wp\/v2\/users\/1"}],"replies":[{"embeddable":true,"href":"https:\/\/klubzviktorky.cebin.eu\/index.php\/wp-json\/wp\/v2\/comments?post=5390"}],"version-history":[{"count":13,"href":"https:\/\/klubzviktorky.cebin.eu\/index.php\/wp-json\/wp\/v2\/posts\/5390\/revisions"}],"predecessor-version":[{"id":7323,"href":"https:\/\/klubzviktorky.cebin.eu\/index.php\/wp-json\/wp\/v2\/posts\/5390\/revisions\/7323"}],"wp:featuredmedia":[{"embeddable":true,"href":"https:\/\/klubzviktorky.cebin.eu\/index.php\/wp-json\/wp\/v2\/media\/5425"}],"wp:attachment":[{"href":"https:\/\/klubzviktorky.cebin.eu\/index.php\/wp-json\/wp\/v2\/media?parent=5390"}],"wp:term":[{"taxonomy":"category","embeddable":true,"href":"https:\/\/klubzviktorky.cebin.eu\/index.php\/wp-json\/wp\/v2\/categories?post=5390"},{"taxonomy":"post_tag","embeddable":true,"href":"https:\/\/klubzviktorky.cebin.eu\/index.php\/wp-json\/wp\/v2\/tags?post=5390"}],"curies":[{"name":"wp","href":"https:\/\/api.w.org\/{rel}","templated":true}]}}