{"id":604,"date":"2016-12-31T14:06:44","date_gmt":"2016-12-31T13:06:44","guid":{"rendered":"http:\/\/klubzviktorky.cebin.info\/?p=604"},"modified":"2018-11-09T15:29:10","modified_gmt":"2018-11-09T14:29:10","slug":"narozeniny-2016","status":"publish","type":"post","link":"https:\/\/klubzviktorky.cebin.eu\/index.php\/narozeniny-2016\/","title":{"rendered":"Narozeniny 2016 M7 &#8211; Petr Radonsk\u00fd"},"content":{"rendered":"<p><strong>11\/11 od 18,30 U Banseth\u016f<\/strong><br \/>\n&#8222;vzhledem k tomu, \u017ee bude sv. Martina, tak jsem zamluvil i 8 porc\u00ed pe\u010den\u00e9 husi\u010dky, u\u017e se moc t\u011b\u0161\u00edm, ur\u010dit\u011b to bude vyda\u0159en\u00e1 oslavi\u010dka! &#8230;\u00a0kdyby n\u011bkdo husu necht\u011bl, tak to nen\u00ed \u017e\u00e1dn\u00fd probl\u00e9m, ale p\u0159edpokl\u00e1d\u00e1m, \u00a0\u017ee v\u011bt\u0161ina bude s v\u00fdb\u011brem menu spokojen\u00e1 &#8230; <img decoding=\"async\" title=\":-)\" src=\"https:\/\/email.seznam.cz\/static\/wm\/img\/smileys\/s01.png\" alt=\":-)\" \/>&#8220;<\/p>\n<p style=\"font-size: 10pt; text-align: justify;\"><span style=\"color: #ff6600;\">D\u00e1m si t\u00fddenn\u00ed hladovku, aby se to do mn\u011b ve\u0161lo.\u00a0D\u00edky a t\u011b\u0161\u00edm se<\/span> \/\u00a0<span style=\"color: #008000;\">Ahoj, naprost\u00e1 spokojenost &#8211;\u00a0ps. nesep\u00ed\u0161eme u husi\u010dky taky n\u011bjakou omluvu?<\/span><br \/>\n<span style=\"color: #008000;\"> <a style=\"color: #008000;\" href=\"https:\/\/www.seznam.cz\/zpravy\/clanek\/omluva-vsemu-lidu-jednotne-lidove-ciny-3399\" target=\"_blank\" rel=\"noopener noreferrer\">https:\/\/www.seznam.cz\/zpravy\/clanek\/omluva-vsemu-lidu-jednotne-lidove-ciny-3399<\/a>\u00a0<span style=\"color: #000000;\">\/\u00a0<\/span><span style=\"color: #00ccff;\"><span style=\"color: #0000ff;\">Jind\u0159\u00edch \u0160\u00eddlo je asi jedin\u00fd novin\u00e1\u0159 u kter\u00e9ho se sm\u011bju nahlas, p\u0159i \u010dten\u00ed n\u011bkter\u00fdch jeho \u010dl\u00e1nk\u016f. Nechci n\u00e1s podce\u0148ovat, ale bansethovsk\u00e1 piva asi nenahrad\u00ed 27 let zku\u0161enost\u00ed \u017eurnalisty v provot\u0159\u00eddn\u00edch m\u00e9di\u00edch<\/span>\u00a0<span style=\"color: #000000;\">\/<\/span> <span style=\"color: #993366;\">j\u00e1 mysl\u00edm, \u017ee Dan\u00edk zaregistroval hlavn\u011b &#8222;Slavia Praha&#8220; a &#8222;Gino van Kessel&#8220; <span style=\"color: #000000;\">\/<\/span><span style=\"color: #00ffff;\">\u00a0<\/span><span style=\"color: #ff0000;\">to u\u017e byla jen pov\u011bstn\u00e1 t\u0159e\u0161inka na dortu<\/span> <img decoding=\"async\" title=\":-)\" src=\"https:\/\/email.seznam.cz\/static\/wm\/img\/smileys\/s01.png\" alt=\":-)\" \/>\u00a0<span style=\"color: #000000;\">\/<\/span><span style=\"color: #008000;\">\u00a0<span style=\"color: #003300;\">to s\u00a0tou Sl\u00e1vi\u00ed pobavilo i m\u011b, a\u010d jsem doposud \u017e\u00e1dn\u00e9ho Kessla neznal, snad krom\u011b Ein Kessel Buntes<\/span><\/span><\/span><\/span><\/span><\/p>\n<div id='gallery-1' class='gallery galleryid-604 gallery-columns-3 gallery-size-thumbnail'><figure class='gallery-item'>\n\t\t\t<div class='gallery-icon landscape'>\n\t\t\t\t<a href='https:\/\/klubzviktorky.cebin.eu\/index.php\/narozeniny-2016\/oslava-pr_3\/'><img loading=\"lazy\" decoding=\"async\" width=\"150\" height=\"150\" src=\"https:\/\/klubzviktorky.cebin.eu\/wp-content\/uploads\/2017\/06\/Oslava-PR_3-150x150.jpg\" class=\"attachment-thumbnail size-thumbnail\" alt=\"\" aria-describedby=\"gallery-1-608\" \/><\/a>\n\t\t\t<\/div>\n\t\t\t\t<figcaption class='wp-caption-text gallery-caption' id='gallery-1-608'>\n\t\t\t\tBylo veselo !\n\t\t\t\t<\/figcaption><\/figure><figure class='gallery-item'>\n\t\t\t<div class='gallery-icon landscape'>\n\t\t\t\t<a href='https:\/\/klubzviktorky.cebin.eu\/index.php\/narozeniny-2016\/oslava-pr_2\/'><img loading=\"lazy\" decoding=\"async\" width=\"150\" height=\"150\" src=\"https:\/\/klubzviktorky.cebin.eu\/wp-content\/uploads\/2017\/06\/Oslava-PR_2-150x150.jpg\" class=\"attachment-thumbnail size-thumbnail\" alt=\"\" aria-describedby=\"gallery-1-607\" \/><\/a>\n\t\t\t<\/div>\n\t\t\t\t<figcaption class='wp-caption-text gallery-caption' id='gallery-1-607'>\n\t\t\t\tZat\u00edmco ostatn\u00ed poctiv\u011b pou\u017e\u00edvaj\u00ed k j\u00eddlu postaru p\u0159\u00edbor, Milo\u0161 se inovativn\u011b pokou\u0161\u00ed vyu\u017e\u00edt mobil. Jestli k zahn\u00e1n\u00ed hladu posta\u010dilo nahnat husu do cloudu, o tom u\u017e agentury ml\u010d\u00ed &#8230; \n\t\t\t\t<\/figcaption><\/figure><figure class='gallery-item'>\n\t\t\t<div class='gallery-icon landscape'>\n\t\t\t\t<a href='https:\/\/klubzviktorky.cebin.eu\/index.php\/narozeniny-2016\/oslava-pr_1\/'><img loading=\"lazy\" decoding=\"async\" width=\"150\" height=\"150\" src=\"https:\/\/klubzviktorky.cebin.eu\/wp-content\/uploads\/2017\/06\/Oslava-PR_1-150x150.jpg\" class=\"attachment-thumbnail size-thumbnail\" alt=\"\" aria-describedby=\"gallery-1-606\" \/><\/a>\n\t\t\t<\/div>\n\t\t\t\t<figcaption class='wp-caption-text gallery-caption' id='gallery-1-606'>\n\t\t\t\tPetr se inspiroval filmem &#8222;Ad\u00e9la je\u0161t\u011b neve\u010de\u0159ela&#8220; a sna\u017e\u00ed se s pomoc\u00ed dostate\u010dn\u011b vysunut\u00e9ho jazyka zpracovat celou husu.\n\t\t\t\t<\/figcaption><\/figure>\n\t\t<\/div>\n\n<p style=\"font-size: 10pt; text-align: justify;\">\u010dau kluci,\u00a0tak se n\u00e1m to pomali\u010dku bl\u00ed\u017e\u00ed a je\u0161t\u011b nem\u00e1me pro Petra <span style=\"color: #ff0000;\">d\u00e1rek <\/span>&#8230;\u00a0mluvil jsem s Al\u010dou a n\u00ed\u017ee p\u0159epos\u00edl\u00e1m tipy na d\u00e1rky, na b\u011b\u017eky v\u0161e m\u00e1 i rukavice (p\u0159\u00edmo b\u011b\u017eeck\u00fd) a asi by bylo slo\u017eit\u00fd kupovat n\u011bjak\u00fd zateplen\u00fd (n\u011bco mezi b\u011b\u017eeck\u00fdma a sjezda\u0159sk\u00fdma &#8230;)\u00a0tak bych navrhoval zase n\u011bco na zahradu\u00a0m\u011b p\u0159ijde dobr\u00e1 kombinace r\u00fd\u010de, ty\u010dek na raj\u010data a dobr\u00e9 ho\u0159k\u00e9 \u010dokol\u00e1dy <img decoding=\"async\" title=\":-)\" src=\"https:\/\/email.seznam.cz\/static\/wm\/img\/smileys\/s01.png\" alt=\":-)\" \/>\u00a0co vy na to?\u00a0t\u010dus\u00a0V. <strong><span style=\"color: #00ff00;\">xxx<\/span><\/strong>\u00a0praktick\u00fd dotaz &#8211; jak si to od Banseth\u016f odveze ? (ty dvoumetrov\u00e9 ty\u010dky) <span style=\"color: #00ff00;\"><strong>xxx<\/strong><\/span><span style=\"color: #00ffff;\"><span style=\"color: #00ff00;\">\u00a0<\/span><span style=\"color: #000000;\">\u00a0j\u00e1 mysl\u00edm, \u017ee to zvl\u00e1dne, kdy\u017e byl schopen v ba\u0165ohu odnosit dla\u017ebu a obklady do koupelny \u00a0&#8230; \u00a0<img decoding=\"async\" title=\":-)\" src=\"https:\/\/email.seznam.cz\/static\/wm\/img\/smileys\/s01.png\" alt=\":-)\" \/>\u00a0<span style=\"color: #00ff00;\"><strong>xxx<\/strong>\u00a0<\/span>ahoj, se zahradn\u00edm n\u00e1\u010din\u00edm souhlas, je\u0161t\u011b m\u011b napadlo mu koupit p\u011bknou sekyrku &#8211; po\u0159\u00e1d \u0159\u00edk\u00e1, \u017ee jeho zahr\u00e1dka je st\u00e1le d\u017eungle, kde mus\u00ed po\u0159\u00e1d k\u00e1cet, ale nev\u00edm jestli u\u017e n\u011bjakou <span style=\"color: #00ff00;\"><strong>xxx<\/strong><\/span><\/span><\/span><span style=\"color: #00ff00;\">\u00a0<\/span>Ahoj,\u00a0j\u00e1 v\u00edm, \u017ee Petr je t\u011blem i du\u0161\u00ed zahr\u00e1dk\u00e1\u0159, ale nev\u00edm, jestli na t\u00e9 jejich zahr\u00e1dce ten r\u00fd\u010d u\u017eije (a jestli u\u017e n\u011bjak\u00fd nem\u00e1), a taky si nejsem \u00fapln\u011b jist\u00fd, jestli mu ud\u011blaj\u00ed radost ty\u010dky na raj\u010data &#8211; tady mi te\u010f je\u0161t\u011b Petra rad\u00ed, \u017ee ty kupovan\u00e9 nejsou moc dobr\u00e9, pevn\u00e9, n\u00e1m je sva\u0159oval jej\u00ed tat\u00ednek z n\u011bjak\u00e9ho poctiv\u00e9ho materi\u00e1lu &#8230; \u00a0mo\u017en\u00e1 bychom mohli zkusit vymyslet n\u011bco, co mu ud\u011bl\u00e1 je\u0161t\u011b v\u011bt\u0161\u00ed radost ne\u017e r\u00fd\u010d (i kdy\u017e Petra \u0159\u00edk\u00e1, \u017ee r\u00fd\u010d jeto nejlep\u0161\u00ed, co m\u016f\u017ee \u010dlov\u011bk dostat), n\u011bco na sport, na kolo, &#8230; j\u00e1 jsem si t\u0159eba te\u010f ud\u011blal radost novou \u010delovkou <img decoding=\"async\" title=\":-)\" src=\"https:\/\/email.seznam.cz\/static\/wm\/img\/smileys\/s01.png\" alt=\":-)\" \/><\/p>\n<p>ahoj,\u00a0d\u00edky za odpov\u011bdi, ale jen se to n\u011bjak v\u00edc zamot\u00e1v\u00e1 &#8230;\u00a0kdy\u017e to shrnu:<\/p>\n<div>\n<p><strong>L\u00e1\u010fa<\/strong> &#8230; n\u011bco pro radost, t\u0159eba \u010delovku, n\u00e1\u0159ad\u00ed na zahradu moc radosti neud\u011bl\u00e1 &#8230;\u00a0(pro L\u00e1\u010fu jsou do budoucna d\u00e1rky jasn\u00fd &#8230; ur\u010dit\u011b to nebude nic na zahradu <img decoding=\"async\" title=\":-)\" src=\"https:\/\/email.seznam.cz\/static\/wm\/img\/smileys\/s01.png\" alt=\":-)\" \/><br \/>\n<strong>Dan\u00edk<\/strong> &#8230; sekyrku (ale pokud na sek\u00e1n\u00ed v\u011btv\u00ed \u010di ke\u0159\u016f, tak by podle m\u011b byla asi lep\u0161\u00ed zahradnick\u00e1 pilka nebo v\u011bt\u0161\u00ed n\u016f\u017eky .. <img decoding=\"async\" title=\":-)\" src=\"https:\/\/email.seznam.cz\/static\/wm\/img\/smileys\/s01.png\" alt=\":-)\" \/><br \/>\n<strong>Dan<\/strong> &#8230; zat\u00edm bez n\u00e1padu \ud83d\ude42 &#8230; p\u0159\u00edpadn\u011b dobrou fla\u0161ku, nebo r\u00fd\u010d, pokud to doporu\u010dila Al\u010da (Al\u010da doporu\u010duje &#8211; viz n\u00ed\u017ee e-mail od Al\u010di)<br \/>\n<strong>Kohy<\/strong> &#8230; hlavn\u011b aby to unes <img decoding=\"async\" title=\":-)\" src=\"https:\/\/email.seznam.cz\/static\/wm\/img\/smileys\/s01.png\" alt=\":-)\" \/><\/p>\n<p>no a te\u010f si z toho vyber &#8230;\u00a0ho\u0159k\u00fd <span style=\"color: #ff0000;\">\u010dokol\u00e1dy<\/span> jsou jasn\u00fd!<\/p>\n<\/div>\n<div>\n<p>jestli m\u00e1 letitej r\u00fd\u010d, tak si mysl\u00edm, \u017ee dobrej <span style=\"color: #ff0000;\">r\u00fd\u010d<\/span> (jako dostal Kohy) by mu mohl ud\u011blat radost\u00a0co ty na to Kohy? povedly se d\u00e1rky? u\u017e si rej\u010d vyzkou\u0161el? &#8230; \u00a0a\u00a0<span style=\"line-height: 1.6471;\">mo\u017en\u00e1 by se mu na zahradu mohla hodit i kvalitn\u00ed <\/span><span style=\"color: #ff0000;\">\u010delovka<\/span><span style=\"line-height: 1.6471;\">, v\u011bt\u0161inou nest\u00edh\u00e1 a mohl by tam chodit pracovat i po setm\u011bn\u00ed &#8230; <\/span><img decoding=\"async\" style=\"line-height: 1.6471;\" title=\":-)\" src=\"https:\/\/email.seznam.cz\/static\/wm\/img\/smileys\/s01.png\" alt=\":-)\" \/>\u00a0&#8230; j\u00e1<span style=\"line-height: 1.6471;\">\u00a0jsem si posledn\u00ed dobou ud\u011blal radost a koupil jsem kvalitn\u00ed <\/span><span style=\"color: #ff0000;\">sv\u011btlo na kolo<\/span><span style=\"line-height: 1.6471;\">, tak ho taky za\u0159ad\u00edm do v\u00fdb\u011bru &#8230; <\/span><img decoding=\"async\" style=\"line-height: 1.6471;\" title=\":-)\" src=\"https:\/\/email.seznam.cz\/static\/wm\/img\/smileys\/s01.png\" alt=\":-)\" \/>\u00a0&#8230;\u00a0<span style=\"color: #000000;\">dal bych<\/span><span style=\"color: #ff0000; line-height: 1.6471;\"><strong> hlasovat<\/strong> r\u00fd\u010d \/ \u010delovka \/ sekyrka (nebo pilka na v\u011btve) \/ sv\u011btlo na kolo <\/span><span style=\"line-height: 1.6471;\">&#8230; p\u0159\u00edpadn\u011b napi\u0161te jestli m\u00e1te n\u011bkdo n\u011bjak\u00fd super n\u00e1pad, kter\u00fd to v\u0161e p\u0159ekon\u00e1 <\/span><img decoding=\"async\" style=\"line-height: 1.6471;\" title=\":-)\" src=\"https:\/\/email.seznam.cz\/static\/wm\/img\/smileys\/s01.png\" alt=\":-)\" \/><span style=\"line-height: 1.6471;\">t\u010dus\u00a0V.<\/span><\/p>\n<\/div>\n<p style=\"font-size: 12pt; text-align: justify;\">Ahoj,\u00a0m\u011b se <span style=\"color: #ff0000;\"><strong>\u010delovka<\/strong> <\/span>tak\u00e9 l\u00edb\u00ed, pokud ji tedy nem\u00e1 a m\u00e1 ji jak upot\u0159ebit. Osobn\u011b bych volil rad\u011bji AA \u010dl\u00e1nek a CREE LED. <strong><span style=\"color: #00ff00;\">xxx<\/span> Black Diamond nen\u00ed \u0161patn\u00e1 volba, p\u0159e\u0161el jsem s t\u00edm Beskydy, ale ptal jsem se &#8211; jestli s t\u00edm bude koukat na Pe\u0161\u00e1kovn\u011b do b\u00e1glu, tak nev\u00edm jestli je to adekv\u00e1tn\u00ed volba. Ka\u017edop\u00e1dn\u011b je super, \u017ee te\u010fka m\u016f\u017ee j\u00edt na zahr\u00e1dku kdykoliv a rej\u010d si kdy\u017etak p\u016fj\u010d\u00ed od Milo\u0161e.<\/strong><\/p>\n<figure id=\"attachment_605\" aria-describedby=\"caption-attachment-605\" style=\"width: 660px\" class=\"wp-caption aligncenter\"><a href=\"http:\/\/klubzviktorky.cebin.info\/wp-content\/uploads\/2017\/06\/Oslava-PR_4.jpg\"><img loading=\"lazy\" decoding=\"async\" class=\"wp-image-605 size-large\" src=\"https:\/\/klubzviktorky.cebin.eu\/wp-content\/uploads\/2017\/06\/Oslava-PR_4-1024x680.jpg\" alt=\"\" width=\"660\" height=\"438\" srcset=\"https:\/\/klubzviktorky.cebin.eu\/wp-content\/uploads\/2017\/06\/Oslava-PR_4-1024x680.jpg 1024w, https:\/\/klubzviktorky.cebin.eu\/wp-content\/uploads\/2017\/06\/Oslava-PR_4-300x199.jpg 300w, https:\/\/klubzviktorky.cebin.eu\/wp-content\/uploads\/2017\/06\/Oslava-PR_4-768x510.jpg 768w, https:\/\/klubzviktorky.cebin.eu\/wp-content\/uploads\/2017\/06\/Oslava-PR_4.jpg 2048w\" sizes=\"auto, (max-width: 660px) 100vw, 660px\" \/><\/a><figcaption id=\"caption-attachment-605\" class=\"wp-caption-text\">Tradi\u010dn\u00ed skupinovka, Petra d\u00e1rek pot\u011b\u0161il, cel\u00fd z\u00e1\u0159\u00ed &#8230;<\/figcaption><\/figure>\n<p>&nbsp;<\/p>\n<p>&nbsp;<\/p>\n","protected":false},"excerpt":{"rendered":"<p>11\/11 od 18,30 U Banseth\u016f &#8222;vzhledem k tomu, \u017ee bude sv. Martina, tak jsem zamluvil i 8 porc\u00ed pe\u010den\u00e9 husi\u010dky, u\u017e se moc t\u011b\u0161\u00edm, ur\u010dit\u011b to bude vyda\u0159en\u00e1 oslavi\u010dka! &#8230;\u00a0kdyby n\u011bkdo husu necht\u011bl, tak to nen\u00ed \u017e\u00e1dn\u00fd probl\u00e9m, ale p\u0159edpokl\u00e1d\u00e1m, \u00a0\u017ee v\u011bt\u0161ina bude s v\u00fdb\u011brem menu spokojen\u00e1 &#8230; &#8220; D\u00e1m si t\u00fddenn\u00ed hladovku, aby se &hellip; <a href=\"https:\/\/klubzviktorky.cebin.eu\/index.php\/narozeniny-2016\/\" class=\"more-link\">Pokra\u010dov\u00e1n\u00ed textu <span class=\"screen-reader-text\">Narozeniny 2016 M7 &#8211; Petr Radonsk\u00fd<\/span><\/a><\/p>\n","protected":false},"author":1,"featured_media":605,"comment_status":"open","ping_status":"open","sticky":false,"template":"","format":"gallery","meta":{"footnotes":""},"categories":[14,16],"tags":[17],"class_list":["post-604","post","type-post","status-publish","format-gallery","has-post-thumbnail","hentry","category-casosber","category-celakovicke-narozeniny","tag-radonsky","post_format-post-format-gallery"],"_links":{"self":[{"href":"https:\/\/klubzviktorky.cebin.eu\/index.php\/wp-json\/wp\/v2\/posts\/604","targetHints":{"allow":["GET"]}}],"collection":[{"href":"https:\/\/klubzviktorky.cebin.eu\/index.php\/wp-json\/wp\/v2\/posts"}],"about":[{"href":"https:\/\/klubzviktorky.cebin.eu\/index.php\/wp-json\/wp\/v2\/types\/post"}],"author":[{"embeddable":true,"href":"https:\/\/klubzviktorky.cebin.eu\/index.php\/wp-json\/wp\/v2\/users\/1"}],"replies":[{"embeddable":true,"href":"https:\/\/klubzviktorky.cebin.eu\/index.php\/wp-json\/wp\/v2\/comments?post=604"}],"version-history":[{"count":31,"href":"https:\/\/klubzviktorky.cebin.eu\/index.php\/wp-json\/wp\/v2\/posts\/604\/revisions"}],"predecessor-version":[{"id":8330,"href":"https:\/\/klubzviktorky.cebin.eu\/index.php\/wp-json\/wp\/v2\/posts\/604\/revisions\/8330"}],"wp:featuredmedia":[{"embeddable":true,"href":"https:\/\/klubzviktorky.cebin.eu\/index.php\/wp-json\/wp\/v2\/media\/605"}],"wp:attachment":[{"href":"https:\/\/klubzviktorky.cebin.eu\/index.php\/wp-json\/wp\/v2\/media?parent=604"}],"wp:term":[{"taxonomy":"category","embeddable":true,"href":"https:\/\/klubzviktorky.cebin.eu\/index.php\/wp-json\/wp\/v2\/categories?post=604"},{"taxonomy":"post_tag","embeddable":true,"href":"https:\/\/klubzviktorky.cebin.eu\/index.php\/wp-json\/wp\/v2\/tags?post=604"}],"curies":[{"name":"wp","href":"https:\/\/api.w.org\/{rel}","templated":true}]}}